{"id":52460,"date":"2026-08-31T08:14:16","date_gmt":"2026-08-31T08:14:16","guid":{"rendered":"https:\/\/tero.be\/?post_type=blog&#038;p=52460"},"modified":"2026-08-31T09:05:47","modified_gmt":"2026-08-31T09:05:47","slug":"fete-de-fin-dannee-en-entreprise-pourquoi","status":"publish","type":"blog","link":"https:\/\/tero.be\/fr\/news\/fete-de-fin-dannee-en-entreprise-pourquoi\/","title":{"rendered":"F\u00eate de fin d&rsquo;ann\u00e9e en entreprise : pourquoi faut-il marquer le coup ?\u00a0| Tero"},"content":{"rendered":"\t\t<div data-elementor-type=\"wp-post\" data-elementor-id=\"52460\" class=\"elementor elementor-52460\" data-elementor-post-type=\"blog\">\n\t\t\t\t<div class=\"elementor-element elementor-element-bbb878d e-flex e-con-boxed e-con e-parent\" data-id=\"bbb878d\" data-element_type=\"container\" data-e-type=\"container\" data-settings=\"{&quot;jet_parallax_layout_list&quot;:[]}\">\n\t\t\t\t\t<div class=\"e-con-inner\">\n\t\t\t\t<div class=\"elementor-element elementor-element-d1d8de3 elementor-widget elementor-widget-text-editor\" data-id=\"d1d8de3\" data-element_type=\"widget\" data-e-type=\"widget\" data-widget_type=\"text-editor.default\">\n\t\t\t\t<div class=\"elementor-widget-container\">\n\t\t\t\t\t\t\t\t\t<p>Fin d\u00e9cembre, votre entreprise aura boucl\u00e9 une ann\u00e9e enti\u00e8re. Des projets sortis, des caps difficiles tenus, des nouvelles t\u00eates, des paris gagn\u00e9s. La vraie question n&rsquo;est pas de savoir si<strong> cette ann\u00e9e m\u00e9rite d&rsquo;\u00eatre f\u00eat\u00e9e<\/strong>. C&rsquo;est : que se passe-t-il si elle ne l&rsquo;est pas ?<\/p><p><strong>Spoiler :<\/strong> elle s&rsquo;efface. Les efforts d&rsquo;octobre se dissolvent dans les objectifs de janvier et personne n&rsquo;aura jamais dit officiellement <em>\u00ab c&rsquo;est accompli et c&rsquo;est gr\u00e2ce \u00e0 vous \u00bb<\/em>. La <a href=\"https:\/\/tero.be\/fr\/evenement-de-fin-dannee\/fetes-dentreprise\/\" target=\"_blank\" rel=\"noopener\">f\u00eate de fin d&rsquo;ann\u00e9e<\/a> n&rsquo;est pas la r\u00e9cr\u00e9ation apr\u00e8s le travail. Elle est le moment qui <strong>donne de la valeur au travail<\/strong>.<\/p>\t\t\t\t\t\t\t\t<\/div>\n\t\t\t\t<\/div>\n\t\t\t\t<div class=\"elementor-element elementor-element-d528e61 elementor-widget elementor-widget-heading\" data-id=\"d528e61\" data-element_type=\"widget\" data-e-type=\"widget\" data-widget_type=\"heading.default\">\n\t\t\t\t<div class=\"elementor-widget-container\">\n\t\t\t\t\t<h2 class=\"elementor-heading-title elementor-size-default\">Et pourquoi organiser une vraie f\u00eate de fin d'ann\u00e9e en entreprise plut\u00f4t qu'un petit resto ?<\/h2>\t\t\t\t<\/div>\n\t\t\t\t<\/div>\n\t\t\t\t\t<\/div>\n\t\t\t\t<\/div>\n\t\t<div class=\"elementor-element elementor-element-7ad4f24 e-flex e-con-boxed e-con e-parent\" data-id=\"7ad4f24\" data-element_type=\"container\" data-e-type=\"container\" data-settings=\"{&quot;jet_parallax_layout_list&quot;:[]}\">\n\t\t\t\t\t<div class=\"e-con-inner\">\n\t\t\t\t<div class=\"elementor-element elementor-element-cdb4242 elementor-widget elementor-widget-text-editor\" data-id=\"cdb4242\" data-element_type=\"widget\" data-e-type=\"widget\" data-widget_type=\"text-editor.default\">\n\t\t\t\t<div class=\"elementor-widget-container\">\n\t\t\t\t\t\t\t\t\t<p>Une ann\u00e9e de travail qui n&rsquo;est pas c\u00e9l\u00e9br\u00e9e s&rsquo;efface. La <a href=\"https:\/\/tero.be\/fr\/evenement-de-fin-dannee\/fetes-dentreprise\/\" target=\"_blank\" rel=\"noopener\"><strong>f\u00eate de fin d&rsquo;ann\u00e9e<\/strong><\/a> remplit plusieurs objectifs importants : elle cl\u00f4t le chapitre, exprime la reconnaissance de l&rsquo;entreprise envers ses \u00e9quipes, reconnecte des collaborateurs qui se croisent trop peu et pr\u00e9pare l&rsquo;ann\u00e9e suivante. La recherche montre que ces moments partag\u00e9s augmentent le sens du travail et l&rsquo;engagement.<\/p><p>Voici pourquoi, en d\u00e9tail.<\/p>\t\t\t\t\t\t\t\t<\/div>\n\t\t\t\t<\/div>\n\t\t\t\t<div class=\"elementor-element elementor-element-507556a elementor-widget elementor-widget-heading\" data-id=\"507556a\" data-element_type=\"widget\" data-e-type=\"widget\" data-widget_type=\"heading.default\">\n\t\t\t\t<div class=\"elementor-widget-container\">\n\t\t\t\t\t<h2 class=\"elementor-heading-title elementor-size-default\">Pourquoi les grandes \u00e9tapes ont-elles toujours besoin d'\u00eatre marqu\u00e9es ?<\/h2>\t\t\t\t<\/div>\n\t\t\t\t<\/div>\n\t\t\t\t<div class=\"elementor-element elementor-element-f186a20 elementor-widget elementor-widget-text-editor\" data-id=\"f186a20\" data-element_type=\"widget\" data-e-type=\"widget\" data-widget_type=\"text-editor.default\">\n\t\t\t\t<div class=\"elementor-widget-container\">\n\t\t\t\t\t\t\t\t\t<p>C&rsquo;est l&rsquo;un des plus vieux constats de l&rsquo;anthropologie : depuis <em>Les rites de passage<\/em> d&rsquo;Arnold van Gennep (1909), on sait que toutes les soci\u00e9t\u00e9s humaines marquent leurs transitions &#8211; naissance, dipl\u00f4me, mariage, retraite &#8211; par un <strong>moment solennel et partag\u00e9<\/strong>. Ce moment fait trois choses que rien d&rsquo;autre ne fait : <strong>il cl\u00f4t un chapitre, il dit publiquement ce qui compte, et il fait exister le groupe qui le vit.<\/strong><\/p><p>Pensez \u00e0 une remise de dipl\u00f4me. Objectivement, elle ne sert \u00e0 rien : le dipl\u00f4me est d\u00e9j\u00e0 acquis, le papier arriverait par la poste. Mais c&rsquo;est le moment o\u00f9 l&rsquo;on se retourne \u00ab\u00a0regarde ce que tu as fait, regarde ce qui a \u00e9t\u00e9 accompli\u00a0\u00bb qui transforme des ann\u00e9es d&rsquo;efforts en fiert\u00e9. Le m\u00eame parcours, sans ce moment, s&rsquo;ach\u00e8ve dans un \u00e9trange sentiment d&rsquo;inachev\u00e9.<\/p><p><strong>Une entreprise vit exactement les m\u00eames cycles.<\/strong> Une ann\u00e9e d&rsquo;entreprise est un chapitre, avec son intrigue, ses \u00e9preuves et son d\u00e9nouement. La <a href=\"https:\/\/tero.be\/fr\/evenement-de-fin-dannee\/fetes-dentreprise\/\" target=\"_blank\" rel=\"noopener\">f\u00eate de fin d&rsquo;ann\u00e9e<\/a>, c&rsquo;est la page o\u00f9 le chapitre se referme et, un chapitre qu&rsquo;on ne referme jamais ne devient jamais une histoire.<\/p>\t\t\t\t\t\t\t\t<\/div>\n\t\t\t\t<\/div>\n\t\t\t\t<div class=\"elementor-element elementor-element-69ad9cf elementor-widget elementor-widget-heading\" data-id=\"69ad9cf\" data-element_type=\"widget\" data-e-type=\"widget\" data-widget_type=\"heading.default\">\n\t\t\t\t<div class=\"elementor-widget-container\">\n\t\t\t\t\t<h2 class=\"elementor-heading-title elementor-size-default\">Que se passe-t-il quand on ne marque plus le coup ?<\/h2>\t\t\t\t<\/div>\n\t\t\t\t<\/div>\n\t\t\t\t<div class=\"elementor-element elementor-element-cca74c1 elementor-widget elementor-widget-text-editor\" data-id=\"cca74c1\" data-element_type=\"widget\" data-e-type=\"widget\" data-widget_type=\"text-editor.default\">\n\t\t\t\t<div class=\"elementor-widget-container\">\n\t\t\t\t\t\t\t\t\t<p>Nos soci\u00e9t\u00e9s ont largement perdu ces rep\u00e8res, et des penseurs tr\u00e8s diff\u00e9rents tirent la m\u00eame sonnette d&rsquo;alarme. Dans <em>La disparition des rituels<\/em> (Actes Sud, 2020), le philosophe Byung-Chul Han d\u00e9crit un monde o\u00f9, sans ces points d&rsquo;ancrage collectifs, le temps ne fait plus que \u00ab filer \u00bb : <strong>tout devient production continue, communication continue et \u00e9puisement continu. <\/strong>Beaucoup d&rsquo;\u00e9quipes reconna\u00eetront leur mois de novembre.<\/p><p>L&rsquo;anthropologue David Le Breton va plus loin. Dans <em>Conduites \u00e0 risque<\/em> (PUF, 2002), il montre que lorsque les rep\u00e8res de passage disparaissent, le besoin, lui, ne dispara\u00eet pas : il se r\u00e9invente sous des formes extr\u00eames. Priv\u00e9s de moments qui disent \u00ab tu as franchi une \u00e9tape \u00bb, les jeunes s&rsquo;inventent des \u00e9preuves &#8211; parfois dangereuses &#8211; pour se le prouver eux-m\u00eames.<\/p><p>Dans l&rsquo;entreprise, le m\u00e9canisme est le m\u00eame, en version silencieuse. Quand aucun moment ne vient dire <strong>\u00ab l&rsquo;ann\u00e9e est finie, elle comptait, vous comptiez \u00bb<\/strong> : le besoin de reconnaissance ne s&rsquo;\u00e9teint pas, il se transforme en fatigue, en cynisme, en d\u00e9sengagement. Les ann\u00e9es s&rsquo;encha\u00eenent sans se distinguer, et un jour on s&rsquo;\u00e9tonne que les gens partent.<\/p>\t\t\t\t\t\t\t\t<\/div>\n\t\t\t\t<\/div>\n\t\t\t\t<div class=\"elementor-element elementor-element-141273a elementor-widget elementor-widget-heading\" data-id=\"141273a\" data-element_type=\"widget\" data-e-type=\"widget\" data-widget_type=\"heading.default\">\n\t\t\t\t<div class=\"elementor-widget-container\">\n\t\t\t\t\t<h2 class=\"elementor-heading-title elementor-size-default\">Que dit la recherche sur ces moments partag\u00e9s en \u00e9quipe ?<\/h2>\t\t\t\t<\/div>\n\t\t\t\t<\/div>\n\t\t\t\t<div class=\"elementor-element elementor-element-c2ae5dd elementor-widget elementor-widget-text-editor\" data-id=\"c2ae5dd\" data-element_type=\"widget\" data-e-type=\"widget\" data-widget_type=\"text-editor.default\">\n\t\t\t\t<div class=\"elementor-widget-container\">\n\t\t\t\t\t\t\t\t\t<p>Ce n&rsquo;est pas qu&rsquo;une intuition de philosophe. Une \u00e9tude publi\u00e9e dans <em>Organizational Behavior and Human Decision Processes<\/em> par Tami Kim, Francesca Gino, Michael Norton et leurs coll\u00e8gues <em>\u00ab Work group rituals enhance the meaning of work \u00bb<\/em> (2021) montre que <strong>les moments partag\u00e9s en \u00e9quipe, r\u00e9p\u00e9t\u00e9s et charg\u00e9s de sens, augmentent significativement le sens que les collaborateurs trouvent \u00e0 leur travail<\/strong>, et par ricochet leur <strong>engagement<\/strong>. Comme le r\u00e9sume la Harvard Business School : les \u00e9quipes qui c\u00e9l\u00e8brent ensemble restent ensemble.<\/p><p>Autrement dit : la soir\u00e9e <em>\u00ab improductive \u00bb<\/em> par excellence est l&rsquo;un des <strong>investissements<\/strong> les plus rentables qui soient dans ce qu&rsquo;aucun tableur ne mesure : <strong>l&rsquo;envie de continuer ensemble<\/strong>.<\/p>\t\t\t\t\t\t\t\t<\/div>\n\t\t\t\t<\/div>\n\t\t\t\t<div class=\"elementor-element elementor-element-b3fbd41 elementor-widget elementor-widget-heading\" data-id=\"b3fbd41\" data-element_type=\"widget\" data-e-type=\"widget\" data-widget_type=\"heading.default\">\n\t\t\t\t<div class=\"elementor-widget-container\">\n\t\t\t\t\t<h2 class=\"elementor-heading-title elementor-size-default\">Le bilan m\u00e9rite mieux qu'une slide<\/h2>\t\t\t\t<\/div>\n\t\t\t\t<\/div>\n\t\t\t\t<div class=\"elementor-element elementor-element-03c9f4e elementor-widget elementor-widget-text-editor\" data-id=\"03c9f4e\" data-element_type=\"widget\" data-e-type=\"widget\" data-widget_type=\"text-editor.default\">\n\t\t\t\t<div class=\"elementor-widget-container\">\n\t\t\t\t\t\t\t\t\t<p>C&rsquo;est l\u00e0 que la <a href=\"https:\/\/tero.be\/fr\/evenement-de-fin-dannee\/fetes-dentreprise\/\" target=\"_blank\" rel=\"noopener\">f\u00eate de fin d&rsquo;ann\u00e9e<\/a> change de statut. Les chiffres de l&rsquo;ann\u00e9e, pr\u00e9sent\u00e9s un mardi matin en r\u00e9union, informent. Les m\u00eames r\u00e9ussites, racont\u00e9es <strong>un soir de d\u00e9cembre<\/strong> devant toute l&rsquo;\u00e9quipe r\u00e9unie, un verre \u00e0 la main &#8211; les projets sortis, les caps tenus, les personnes qui les ont port\u00e9s &#8211; prennent enfin la place qu&rsquo;elles m\u00e9ritent. C&rsquo;est la diff\u00e9rence entre recevoir son dipl\u00f4me par la poste et monter sur l&rsquo;estrade.<\/p><p>Mais si le bilan est le c\u0153ur de la soir\u00e9e, il n&rsquo;en est pas le seul b\u00e9n\u00e9fice. Une <a href=\"https:\/\/tero.be\/fr\/evenement-de-fin-dannee\/\" target=\"_blank\" rel=\"noopener\">f\u00eate de fin d&rsquo;ann\u00e9e<\/a> r\u00e9ussie peut remplir <strong>4 objectifs<\/strong>.<\/p><p><strong>Dire merci<\/strong>. \u00c0 celles et ceux qui ont rendu l&rsquo;ann\u00e9e possible. Un moment \u00e0 la hauteur de ce qui a \u00e9t\u00e9 accompli &#8211; qui marque le coup et laisse un souvenir qui tient.<\/p><p><strong>Se retrouver<\/strong>. Entre le t\u00e9l\u00e9travail, les sites multiples et les agendas pleins, certains coll\u00e8gues ne se sont pas crois\u00e9s depuis des mois. Une soir\u00e9e suffit parfois \u00e0 retisser ce que douze mois ont distendu.<\/p><p><strong>Marquer les esprits<\/strong>. Sortir du cadre et signer une exp\u00e9rience dont on reparle encore en interne. C&rsquo;est ainsi que naissent les histoires que l&rsquo;on se raconte &#8211; et une culture d&rsquo;entreprise est faite d&rsquo;histoires.<\/p><p><strong>Ouvrir 2027<\/strong>. Car une fin d&rsquo;ann\u00e9e bien f\u00eat\u00e9e ne fait pas que clore : elle ouvre. Les \u00e9quipes repartent align\u00e9es, le cap est pos\u00e9 &#8211; janvier commence un soir de d\u00e9cembre.<\/p>\t\t\t\t\t\t\t\t<\/div>\n\t\t\t\t<\/div>\n\t\t\t\t<div class=\"elementor-element elementor-element-71928f5 elementor-widget elementor-widget-heading\" data-id=\"71928f5\" data-element_type=\"widget\" data-e-type=\"widget\" data-widget_type=\"heading.default\">\n\t\t\t\t<div class=\"elementor-widget-container\">\n\t\t\t\t\t<h2 class=\"elementor-heading-title elementor-size-default\">\u00ab Oui, mais qui a le temps d'organiser \u00e7a ? \u00bb<\/h2>\t\t\t\t<\/div>\n\t\t\t\t<\/div>\n\t\t\t\t<div class=\"elementor-element elementor-element-59b3bce elementor-widget elementor-widget-text-editor\" data-id=\"59b3bce\" data-element_type=\"widget\" data-e-type=\"widget\" data-widget_type=\"text-editor.default\">\n\t\t\t\t<div class=\"elementor-widget-container\">\n\t\t\t\t\t\t\t\t\t<p>C&rsquo;est l&rsquo;objection classique et c&rsquo;est pr\u00e9cis\u00e9ment pour cela que Tero existe. Tero organise des <a href=\"https:\/\/tero.be\/fr\/evenement-de-fin-dannee\/fetes-dentreprise\/\" target=\"_blank\" rel=\"noopener\">f\u00eates de fin d&rsquo;ann\u00e9e cl\u00e9 en main<\/a> pour les entreprises en Belgique et au Luxembourg : \u00e0 Waterloo, \u00e0 Knokke ou au Riverhouse \u00e0 Luxembourg-ville. Un lieu d&rsquo;exception, une exp\u00e9rience compl\u00e8te, un seul interlocuteur : le lieu, la table sign\u00e9e Teroir, l&rsquo;activit\u00e9, l&rsquo;ambiance, tout est orchestr\u00e9. <strong>Vous n&rsquo;organisez pas votre f\u00eate de fin d&rsquo;ann\u00e9e ; vous la <em>vivez<\/em>, avec votre \u00e9quipe.<\/strong><\/p>\t\t\t\t\t\t\t\t<\/div>\n\t\t\t\t<\/div>\n\t\t\t\t<div class=\"elementor-element elementor-element-89fe270 elementor-widget elementor-widget-text-editor\" data-id=\"89fe270\" data-element_type=\"widget\" data-e-type=\"widget\" data-widget_type=\"text-editor.default\">\n\t\t\t\t<div class=\"elementor-widget-container\">\n\t\t\t\t\t\t\t\t\t<p><strong><span style=\"font-size: 1rem;\">F\u00eate de fin d&rsquo;ann\u00e9e cl\u00e9 en main &#8211; Belgique &amp; Luxembourg<\/span><\/strong><\/p><p>Lieu + traiteur + activit\u00e9s + coordination \u00b7 un seul interlocuteur<\/p><p>\u2192 <a href=\"https:\/\/tero.be\/fr\/evenement-de-fin-dannee\/fetes-dentreprise\/\" target=\"_blank\" rel=\"noopener\">Demander une proposition<\/a><\/p>\t\t\t\t\t\t\t\t<\/div>\n\t\t\t\t<\/div>\n\t\t\t\t<div class=\"elementor-element elementor-element-7baaf00 elementor-widget elementor-widget-text-editor\" data-id=\"7baaf00\" data-element_type=\"widget\" data-e-type=\"widget\" data-widget_type=\"text-editor.default\">\n\t\t\t\t<div class=\"elementor-widget-container\">\n\t\t\t\t\t\t\t\t\t<p>Alors cette ann\u00e9e, ne laissez pas le chapitre se refermer tout seul.\u00a0<\/p><p>\u2192 <a href=\"https:\/\/tero.be\/fr\/evenement-de-fin-dannee\/\" target=\"_blank\" rel=\"noopener\">D\u00e9couvrez nos formules de fin d&rsquo;ann\u00e9e<\/a> \u2014 f\u00eate d&rsquo;entreprise, s\u00e9minaire, d\u00eener d&rsquo;\u00e9quipe, activit\u00e9 : dites-nous l&rsquo;intention, on orchestre le reste.<\/p>\t\t\t\t\t\t\t\t<\/div>\n\t\t\t\t<\/div>\n\t\t\t\t<div class=\"elementor-element elementor-element-84036c3 elementor-widget-divider--view-line elementor-widget elementor-widget-divider\" data-id=\"84036c3\" data-element_type=\"widget\" data-e-type=\"widget\" data-widget_type=\"divider.default\">\n\t\t\t\t<div class=\"elementor-widget-container\">\n\t\t\t\t\t\t\t<div class=\"elementor-divider\">\n\t\t\t<span class=\"elementor-divider-separator\">\n\t\t\t\t\t\t<\/span>\n\t\t<\/div>\n\t\t\t\t\t\t<\/div>\n\t\t\t\t<\/div>\n\t\t\t\t<div class=\"elementor-element elementor-element-63043e4 elementor-widget elementor-widget-heading\" data-id=\"63043e4\" data-element_type=\"widget\" data-e-type=\"widget\" data-widget_type=\"heading.default\">\n\t\t\t\t<div class=\"elementor-widget-container\">\n\t\t\t\t\t<h2 class=\"elementor-heading-title elementor-size-default\">Questions fr\u00e9quentes<\/h2>\t\t\t\t<\/div>\n\t\t\t\t<\/div>\n\t\t\t\t<div class=\"elementor-element elementor-element-c70adb4 elementor-widget elementor-widget-text-editor\" data-id=\"c70adb4\" data-element_type=\"widget\" data-e-type=\"widget\" data-widget_type=\"text-editor.default\">\n\t\t\t\t<div class=\"elementor-widget-container\">\n\t\t\t\t\t\t\t\t\t<p><strong>Quand faut-il r\u00e9server sa f\u00eate de fin d&rsquo;ann\u00e9e en entreprise ?<\/strong><\/p><p>Le plus t\u00f4t possible : les meilleures dates de novembre et d\u00e9cembre \u2014 surtout les jeudis et vendredis \u2014 se r\u00e9servent d\u00e8s la rentr\u00e9e de septembre. En r\u00e9servant t\u00f4t, vous choisissez votre date et votre lieu ; en vous y prenant tard, vous prenez ce qui reste. Une option sans engagement peut g\u00e9n\u00e9ralement \u00eatre pos\u00e9e sur une date.<\/p><p><strong>Que comprend une f\u00eate de fin d&rsquo;ann\u00e9e cl\u00e9 en main chez Tero ?<\/strong><\/p><p>Tout, avec un seul interlocuteur : un lieu d&rsquo;exception en Belgique (Waterloo, Knokke) ou au Luxembourg (Riverhouse), la table sign\u00e9e Teroir, les activit\u00e9s, l&rsquo;ambiance et la coordination le jour J. Vous d\u00e9finissez l&rsquo;intention \u2014 c\u00e9l\u00e9brer, remercier, reconnecter, lancer 2027 \u2014 et Tero orchestre le reste.<\/p><p><strong>Une f\u00eate de fin d&rsquo;ann\u00e9e, pour quelle taille d&rsquo;\u00e9quipe ?<\/strong><\/p><p>Des formats existent de la petite \u00e9quipe r\u00e9unie autour d&rsquo;une table au grand \u00e9v\u00e9nement rassemblant plusieurs centaines de collaborateurs \u2014 le lieu et la formule s&rsquo;adaptent \u00e0 la taille du groupe. [Chiffres exacts \u00e0 valider selon vos capacit\u00e9s par lieu.]<\/p><p><strong>Peut-on organiser son \u00e9v\u00e9nement de fin d&rsquo;ann\u00e9e en janvier ?<\/strong><\/p><p>Oui \u2014 et c&rsquo;est parfois une excellente id\u00e9e : un \u00e9v\u00e9nement de kick-off en janvier combine le bilan de l&rsquo;ann\u00e9e \u00e9coul\u00e9e et le lancement de la nouvelle, avec des dates souvent plus disponibles qu&rsquo;en d\u00e9cembre.<\/p>\t\t\t\t\t\t\t\t<\/div>\n\t\t\t\t<\/div>\n\t\t\t\t\t<\/div>\n\t\t\t\t<\/div>\n\t\t<div class=\"elementor-element elementor-element-f283182 e-flex e-con-boxed e-con e-parent\" data-id=\"f283182\" data-element_type=\"container\" data-e-type=\"container\" data-settings=\"{&quot;jet_parallax_layout_list&quot;:[]}\">\n\t\t\t\t\t<div class=\"e-con-inner\">\n\t\t\t\t<div class=\"elementor-element elementor-element-42f7857 elementor-widget-divider--view-line elementor-widget elementor-widget-divider\" data-id=\"42f7857\" data-element_type=\"widget\" data-e-type=\"widget\" data-widget_type=\"divider.default\">\n\t\t\t\t<div class=\"elementor-widget-container\">\n\t\t\t\t\t\t\t<div class=\"elementor-divider\">\n\t\t\t<span class=\"elementor-divider-separator\">\n\t\t\t\t\t\t<\/span>\n\t\t<\/div>\n\t\t\t\t\t\t<\/div>\n\t\t\t\t<\/div>\n\t\t\t\t<div class=\"elementor-element elementor-element-c0ac886 elementor-widget elementor-widget-text-editor\" data-id=\"c0ac886\" data-element_type=\"widget\" data-e-type=\"widget\" data-widget_type=\"text-editor.default\">\n\t\t\t\t<div class=\"elementor-widget-container\">\n\t\t\t\t\t\t\t\t\t<p><em><strong>R\u00e9f\u00e9rences<\/strong><\/em><\/p><p><em>Arnold van Gennep, Les rites de passage, 1909.<\/em><\/p><p><em>Byung-Chul Han, <a href=\"https:\/\/actes-sud.fr\/catalogue\/la-disparition-des-rituels-018212\" target=\"_blank\" rel=\"noopener\">La disparition des rituels \u2014 Pour une topologie du temps pr\u00e9sent<\/a>, Actes Sud, 2020.<\/em><\/p><p><em>David Le Breton, <a href=\"https:\/\/www.erudit.org\/en\/journals\/as\/2003-v27-n1-as553\/007022ar\/\" target=\"_blank\" rel=\"noopener\">Conduites \u00e0 risque<\/a>, PUF, 2002 ; voir aussi D. Jeffrey, D. Le Breton, J. J. L\u00e9vy, <a href=\"https:\/\/www.erudit.org\/fr\/revues\/ethno\/2010-v31-n2-ethno3691\/039377ar\/\" target=\"_blank\" rel=\"noopener\">Jeunesse \u00e0 risque. Rite et passage<\/a>, PUL, 2005.<\/em><\/p><p><em>Tami Kim, Ovul Sezer, Juliana Schroeder, Jane Risen, Francesca Gino, Michael I. Norton, \u00ab <a href=\"https:\/\/www.sciencedirect.com\/science\/article\/abs\/pii\/S0749597821000637\" target=\"_blank\" rel=\"noopener\">Work group rituals enhance the meaning of work<\/a> \u00bb, Organizational Behavior and Human Decision Processes, 2021.<\/em><\/p><p><em>Harvard Business School Working Knowledge, \u00ab <a href=\"https:\/\/www.library.hbs.edu\/working-knowledge\/rituals-at-work-teams-that-play-together-stay-together\" target=\"_blank\" rel=\"noopener\">Rituals at work: Teams that play together stay together<\/a> \u00bb.<\/em><\/p>\t\t\t\t\t\t\t\t<\/div>\n\t\t\t\t<\/div>\n\t\t\t\t\t<\/div>\n\t\t\t\t<\/div>\n\t\t\t\t<\/div>\n\t\t","protected":false},"template":"","tero-tags":[57,63],"class_list":["post-52460","blog","type-blog","status-publish","hentry","tero-tags-employee-engagement","tero-tags-woaw-exclusive"],"_links":{"self":[{"href":"https:\/\/tero.be\/fr\/wp-json\/wp\/v2\/blog\/52460","targetHints":{"allow":["GET"]}}],"collection":[{"href":"https:\/\/tero.be\/fr\/wp-json\/wp\/v2\/blog"}],"about":[{"href":"https:\/\/tero.be\/fr\/wp-json\/wp\/v2\/types\/blog"}],"version-history":[{"count":11,"href":"https:\/\/tero.be\/fr\/wp-json\/wp\/v2\/blog\/52460\/revisions"}],"predecessor-version":[{"id":53295,"href":"https:\/\/tero.be\/fr\/wp-json\/wp\/v2\/blog\/52460\/revisions\/53295"}],"wp:attachment":[{"href":"https:\/\/tero.be\/fr\/wp-json\/wp\/v2\/media?parent=52460"}],"wp:term":[{"taxonomy":"tero-tags","embeddable":true,"href":"https:\/\/tero.be\/fr\/wp-json\/wp\/v2\/tero-tags?post=52460"}],"curies":[{"name":"wp","href":"https:\/\/api.w.org\/{rel}","templated":true}]}}