{"id":53280,"date":"2026-08-31T08:14:16","date_gmt":"2026-08-31T08:14:16","guid":{"rendered":"https:\/\/tero.be\/news\/eindejaarsfeest-op-het-werk-waarom-is-het-belangrijk-om-er-echt-een-moment-van-te-maken-tero\/"},"modified":"2026-08-31T09:21:01","modified_gmt":"2026-08-31T09:21:01","slug":"eindejaarsfeest-op-het-werk-waarom-is-het-belangrijk-om-er-echt-een-moment-van-te-maken-tero","status":"publish","type":"blog","link":"https:\/\/tero.be\/nl\/news\/eindejaarsfeest-op-het-werk-waarom-is-het-belangrijk-om-er-echt-een-moment-van-te-maken-tero\/","title":{"rendered":"Eindejaarsfeest op het werk: waarom is het belangrijk om er echt een moment van te maken? | Tero"},"content":{"rendered":"\t\t<div data-elementor-type=\"wp-post\" data-elementor-id=\"53280\" class=\"elementor elementor-53280 elementor-52460\" data-elementor-post-type=\"blog\">\n\t\t\t\t<div class=\"elementor-element elementor-element-bbb878d e-flex e-con-boxed e-con e-parent\" data-id=\"bbb878d\" data-element_type=\"container\" data-e-type=\"container\" data-settings=\"{&quot;jet_parallax_layout_list&quot;:[]}\">\n\t\t\t\t\t<div class=\"e-con-inner\">\n\t\t\t\t<div class=\"elementor-element elementor-element-d1d8de3 elementor-widget elementor-widget-text-editor\" data-id=\"d1d8de3\" data-element_type=\"widget\" data-e-type=\"widget\" data-widget_type=\"text-editor.default\">\n\t\t\t\t<div class=\"elementor-widget-container\">\n\t\t\t\t\t\t\t\t\t<p>Eind december heeft je bedrijf opnieuw een volledig jaar achter de rug. Projecten die zijn afgerond, moeilijke mijlpalen die zijn gehaald, nieuwe gezichten, gewaagde keuzes die goed hebben uitgepakt. De echte vraag is niet of <strong>dit jaar het verdient om gevierd te worden<\/strong>. De vraag is: wat gebeurt er als je dat niet doet?<\/p>\n<p><strong>Spoiler:<\/strong> dan vervaagt het. De inspanningen van oktober verdwijnen tussen de doelstellingen van januari, zonder dat iemand ooit officieel heeft gezegd: <em>\u201cHet is gelukt \u2014 en dat is dankzij jullie.\u201d<\/em> Een <a href=\"https:\/\/tero.be\/nl\/eindejaarsevenementen\/bedrijfsfeest\/\" target=\"_blank\" rel=\"noopener\">eindejaarsfeest<\/a> is niet gewoon een ontspanningsmoment na het werk. Het is het moment dat <strong>waarde geeft aan het werk zelf<\/strong>.<\/p>\n\t\t\t\t\t\t\t\t<\/div>\n\t\t\t\t<\/div>\n\t\t\t\t<div class=\"elementor-element elementor-element-d528e61 elementor-widget elementor-widget-heading\" data-id=\"d528e61\" data-element_type=\"widget\" data-e-type=\"widget\" data-widget_type=\"heading.default\">\n\t\t\t\t<div class=\"elementor-widget-container\">\n\t\t\t\t\t<h2 class=\"elementor-heading-title elementor-size-default\">En waarom zou je een echt eindejaarsfeest voor je bedrijf organiseren in plaats van gewoon samen uit eten te gaan?<\/h2>\t\t\t\t<\/div>\n\t\t\t\t<\/div>\n\t\t\t\t\t<\/div>\n\t\t\t\t<\/div>\n\t\t<div class=\"elementor-element elementor-element-7ad4f24 e-flex e-con-boxed e-con e-parent\" data-id=\"7ad4f24\" data-element_type=\"container\" data-e-type=\"container\" data-settings=\"{&quot;jet_parallax_layout_list&quot;:[]}\">\n\t\t\t\t\t<div class=\"e-con-inner\">\n\t\t\t\t<div class=\"elementor-element elementor-element-cdb4242 elementor-widget elementor-widget-text-editor\" data-id=\"cdb4242\" data-element_type=\"widget\" data-e-type=\"widget\" data-widget_type=\"text-editor.default\">\n\t\t\t\t<div class=\"elementor-widget-container\">\n\t\t\t\t\t\t\t\t\t<p>Een werkjaar dat niet gevierd wordt, vervaagt snel. Een <a href=\"https:\/\/tero.be\/nl\/eindejaarsevenementen\/bedrijfsfeest\/\" target=\"_blank\" rel=\"noopener\"><strong>eindejaarsfeest<\/strong><\/a> vervult verschillende belangrijke functies: het sluit het jaar bewust af, toont waardering voor de inzet van medewerkers, brengt collega\u2019s opnieuw samen die elkaar te weinig zien en vormt een mooie overgang naar het volgende jaar. Onderzoek toont aan dat zulke gedeelde momenten het gevoel van betekenis op het werk en de betrokkenheid kunnen versterken.<\/p>\n<p>Hieronder leggen we uit waarom.<\/p>\n\t\t\t\t\t\t\t\t<\/div>\n\t\t\t\t<\/div>\n\t\t\t\t<div class=\"elementor-element elementor-element-507556a elementor-widget elementor-widget-heading\" data-id=\"507556a\" data-element_type=\"widget\" data-e-type=\"widget\" data-widget_type=\"heading.default\">\n\t\t\t\t<div class=\"elementor-widget-container\">\n\t\t\t\t\t<h2 class=\"elementor-heading-title elementor-size-default\">Waarom is het belangrijk om grote mijlpalen bewust te markeren?<\/h2>\t\t\t\t<\/div>\n\t\t\t\t<\/div>\n\t\t\t\t<div class=\"elementor-element elementor-element-f186a20 elementor-widget elementor-widget-text-editor\" data-id=\"f186a20\" data-element_type=\"widget\" data-e-type=\"widget\" data-widget_type=\"text-editor.default\">\n\t\t\t\t<div class=\"elementor-widget-container\">\n\t\t\t\t\t\t\t\t\t<p>Het is een van de oudste inzichten uit de antropologie: sinds Arnold van Genneps <em>Les rites de passage<\/em> (1909) weten we dat alle menselijke samenlevingen belangrijke overgangen \u2014 geboorte, afstuderen, huwelijk, pensioen \u2014 markeren met een <strong>betekenisvol en gedeeld moment<\/strong>. Zo\u2019n moment doet drie dingen die niets anders kan: <strong>het sluit een hoofdstuk af, maakt publiek duidelijk wat belangrijk is en versterkt het gevoel van verbondenheid binnen de groep.<\/strong><\/p>\n<p>Denk aan een diploma-uitreiking. Objectief gezien heeft zo\u2019n ceremonie weinig praktisch nut: het diploma is al behaald en het document zou ook gewoon per post kunnen aankomen. Maar net dat moment waarop je achteromkijkt \u2014 <em>\u201cKijk wat je hebt gedaan. Kijk wat je hebt bereikt.\u201d<\/em> \u2014 zet jaren van inspanning om in trots. Zonder dat moment kan exact hetzelfde traject eindigen met een vreemd gevoel van onafgewerktheid.<\/p>\n<p><strong>Een bedrijf doorloopt precies dezelfde cycli.<\/strong> Een bedrijfsjaar is een hoofdstuk, met zijn eigen verhaal, uitdagingen en ontknoping. Het <a href=\"https:\/\/tero.be\/nl\/eindejaarsevenementen\/bedrijfsfeest\/\" target=\"_blank\" rel=\"noopener\">eindejaarsfeest<\/a> is de pagina waarop dat hoofdstuk wordt afgesloten \u2014 en een hoofdstuk dat nooit wordt afgesloten, wordt nooit echt een verhaal.<\/p>\n\t\t\t\t\t\t\t\t<\/div>\n\t\t\t\t<\/div>\n\t\t\t\t<div class=\"elementor-element elementor-element-69ad9cf elementor-widget elementor-widget-heading\" data-id=\"69ad9cf\" data-element_type=\"widget\" data-e-type=\"widget\" data-widget_type=\"heading.default\">\n\t\t\t\t<div class=\"elementor-widget-container\">\n\t\t\t\t\t<h2 class=\"elementor-heading-title elementor-size-default\">Wat gebeurt er als we zulke momenten niet meer bewust markeren?<\/h2>\t\t\t\t<\/div>\n\t\t\t\t<\/div>\n\t\t\t\t<div class=\"elementor-element elementor-element-cca74c1 elementor-widget elementor-widget-text-editor\" data-id=\"cca74c1\" data-element_type=\"widget\" data-e-type=\"widget\" data-widget_type=\"text-editor.default\">\n\t\t\t\t<div class=\"elementor-widget-container\">\n\t\t\t\t\t\t\t\t\t<p>Onze samenleving is veel van die gedeelde ijkpunten kwijtgeraakt, en heel verschillende denkers trekken daarover aan dezelfde alarmbel. In <em>The Disappearance of Rituals<\/em> (2020) beschrijft filosoof Byung-Chul Han een wereld waarin de tijd, zonder zulke collectieve ankerpunten, alleen nog maar vooruit raast: <strong>alles wordt voortdurende productie, voortdurende communicatie en voortdurende uitputting.<\/strong> Veel teams zullen hun maand november daarin herkennen.<\/p>\n<p>Antropoloog David Le Breton gaat nog een stap verder. In <em>Conduites \u00e0 risque<\/em> (2002) laat hij zien dat wanneer overgangsrituelen verdwijnen, de behoefte eraan niet verdwijnt. Ze zoekt gewoon andere, soms extremere vormen. Als er geen momenten meer zijn die zeggen <em>\u201cje hebt een belangrijke stap gezet\u201d<\/em>, cre\u00ebren jongeren hun eigen beproevingen \u2014 soms gevaarlijke \u2014 om dat voor zichzelf te bewijzen.<\/p>\n<p>Op de werkvloer gebeurt hetzelfde, maar veel stiller. Wanneer niets of niemand zegt <strong>\u201chet jaar is voorbij, het was belangrijk, en jullie waren belangrijk\u201d<\/strong>, verdwijnt de behoefte aan erkenning niet. Ze verandert in vermoeidheid, cynisme en minder betrokkenheid. De jaren volgen elkaar op zonder nog echt van elkaar te verschillen, en op een dag vraagt men zich af waarom mensen vertrekken.<\/p>\n\t\t\t\t\t\t\t\t<\/div>\n\t\t\t\t<\/div>\n\t\t\t\t<div class=\"elementor-element elementor-element-141273a elementor-widget elementor-widget-heading\" data-id=\"141273a\" data-element_type=\"widget\" data-e-type=\"widget\" data-widget_type=\"heading.default\">\n\t\t\t\t<div class=\"elementor-widget-container\">\n\t\t\t\t\t<h2 class=\"elementor-heading-title elementor-size-default\">Wat zegt onderzoek over zulke gedeelde momenten binnen een team?<\/h2>\t\t\t\t<\/div>\n\t\t\t\t<\/div>\n\t\t\t\t<div class=\"elementor-element elementor-element-c2ae5dd elementor-widget elementor-widget-text-editor\" data-id=\"c2ae5dd\" data-element_type=\"widget\" data-e-type=\"widget\" data-widget_type=\"text-editor.default\">\n\t\t\t\t<div class=\"elementor-widget-container\">\n\t\t\t\t\t\t\t\t\t<p>Het is niet alleen een filosofische intu\u00eftie. Een studie uit 2021, gepubliceerd in <em>Organizational Behavior and Human Decision Processes<\/em> door Tami Kim, Francesca Gino, Michael Norton en hun collega\u2019s \u2014 <em>\u201cWork group rituals enhance the meaning of work\u201d<\/em> \u2014 toont aan dat <strong>gedeelde teammomenten die terugkeren en betekenisvol zijn, het gevoel van betekenis dat medewerkers in hun werk ervaren aanzienlijk kunnen versterken<\/strong>, en daarmee ook hun <strong>betrokkenheid<\/strong>. Zoals Harvard Business School het samenvat: teams die samen vieren, blijven vaker samen.<\/p>\n<p>Met andere woorden: net die zogenaamd <em>\u201conproductieve\u201d<\/em> avond kan een van de meest waardevolle <strong>investeringen<\/strong> zijn in iets wat geen enkele spreadsheet echt kan meten: <strong>de goesting om samen verder te gaan<\/strong>.<\/p>\n\t\t\t\t\t\t\t\t<\/div>\n\t\t\t\t<\/div>\n\t\t\t\t<div class=\"elementor-element elementor-element-b3fbd41 elementor-widget elementor-widget-heading\" data-id=\"b3fbd41\" data-element_type=\"widget\" data-e-type=\"widget\" data-widget_type=\"heading.default\">\n\t\t\t\t<div class=\"elementor-widget-container\">\n\t\t\t\t\t<h2 class=\"elementor-heading-title elementor-size-default\">Een jaar verdient meer dan \u00e9\u00e9n slide.<\/h2>\t\t\t\t<\/div>\n\t\t\t\t<\/div>\n\t\t\t\t<div class=\"elementor-element elementor-element-03c9f4e elementor-widget elementor-widget-text-editor\" data-id=\"03c9f4e\" data-element_type=\"widget\" data-e-type=\"widget\" data-widget_type=\"text-editor.default\">\n\t\t\t\t<div class=\"elementor-widget-container\">\n\t\t\t\t\t\t\t\t\t<p>Daar krijgt het <a href=\"https:\/\/tero.be\/nl\/eindejaarsevenementen\/bedrijfsfeest\/\" target=\"_blank\" rel=\"noopener\">eindejaarsfeest<\/a> plots een heel andere betekenis. De cijfers van het jaar, gepresenteerd tijdens een vergadering op dinsdagochtend, informeren. Diezelfde successen, verteld <strong>op een avond in december<\/strong> terwijl het hele team samen is, glas in de hand \u2014 de projecten die werden afgerond, de uitdagingen die werden overwonnen, de mensen die het mogelijk maakten \u2014 krijgen eindelijk de plaats die ze verdienen. Het is het verschil tussen je diploma per post ontvangen en zelf het podium opgaan.<\/p>\n<p>Maar ook al vormt de terugblik op het jaar het hart van de avond, het is lang niet het enige voordeel. Een geslaagd <a href=\"https:\/\/tero.be\/nl\/eindejaarsevenementen\/bedrijfsfeest\/\" target=\"_blank\" rel=\"noopener\">eindejaarsfeest<\/a> kan <strong>4 belangrijke doelen<\/strong> vervullen.<\/p>\n<p><strong>Dankjewel zeggen.<\/strong> Aan iedereen die het jaar mogelijk heeft gemaakt. Met een moment dat past bij wat er is bereikt \u2014 een moment dat echt blijft hangen.<\/p>\n<p><strong>Elkaar opnieuw vinden.<\/strong> Tussen thuiswerk, verschillende locaties en volle agenda\u2019s hebben sommige collega\u2019s elkaar al maanden nauwelijks gezien. Soms volstaat \u00e9\u00e9n avond om opnieuw verbinding te cre\u00ebren waar twaalf maanden drukte afstand hebben gebracht.<\/p>\n<p><strong>Een blijvende indruk maken.<\/strong> Even uit het dagelijkse kader stappen en een ervaring cre\u00ebren waar intern nog lang over wordt nagepraat. Zo ontstaan de verhalen die mensen elkaar blijven vertellen \u2014 en een bedrijfscultuur bestaat precies uit zulke verhalen.<\/p>\n<p><strong>2027 openen.<\/strong> Want een goed gevierd jaareinde sluit niet alleen af: het opent ook iets nieuws. Teams vertrekken opnieuw op \u00e9\u00e9n lijn, de richting is duidelijk \u2014 januari begint op een avond in december.<\/p>\n\t\t\t\t\t\t\t\t<\/div>\n\t\t\t\t<\/div>\n\t\t\t\t<div class=\"elementor-element elementor-element-71928f5 elementor-widget elementor-widget-heading\" data-id=\"71928f5\" data-element_type=\"widget\" data-e-type=\"widget\" data-widget_type=\"heading.default\">\n\t\t\t\t<div class=\"elementor-widget-container\">\n\t\t\t\t\t<h2 class=\"elementor-heading-title elementor-size-default\">\u201cMaar wie heeft er tijd om dat allemaal te organiseren?\u201d<\/h2>\t\t\t\t<\/div>\n\t\t\t\t<\/div>\n\t\t\t\t<div class=\"elementor-element elementor-element-59b3bce elementor-widget elementor-widget-text-editor\" data-id=\"59b3bce\" data-element_type=\"widget\" data-e-type=\"widget\" data-widget_type=\"text-editor.default\">\n\t\t\t\t<div class=\"elementor-widget-container\">\n\t\t\t\t\t\t\t\t\t<p>Dat is de klassieke bedenking \u2014 en precies daarom bestaat Tero. Tero organiseert <a href=\"https:\/\/tero.be\/nl\/eindejaarsevenementen\/bedrijfsfeest\/\" target=\"_blank\" rel=\"noopener\">eindejaarsfeesten van A tot Z<\/a> voor bedrijven in Belgi\u00eb en Luxemburg: in Waterloo, Knokke of bij Riverhouse in Luxemburg-stad. E\u00e9n bijzondere locatie, \u00e9\u00e9n complete ervaring en \u00e9\u00e9n aanspreekpunt: de locatie, catering van Teroir, de activiteit, de sfeer \u2014 alles wordt voor jullie geregeld.<\/p>\n<p><strong>Jullie organiseren het eindejaarsfeest niet; jullie <em>beleven<\/em> het samen met het team.<\/strong><\/p>\n\t\t\t\t\t\t\t\t<\/div>\n\t\t\t\t<\/div>\n\t\t\t\t<div class=\"elementor-element elementor-element-89fe270 elementor-widget elementor-widget-text-editor\" data-id=\"89fe270\" data-element_type=\"widget\" data-e-type=\"widget\" data-widget_type=\"text-editor.default\">\n\t\t\t\t<div class=\"elementor-widget-container\">\n\t\t\t\t\t\t\t\t\t<p><strong>Eindejaarsfeest van A tot Z \u2013 Belgi\u00eb &amp; Luxemburg<\/strong><br \/>Locatie + catering + activiteiten + co\u00f6rdinatie \u00b7 \u00e9\u00e9n aanspreekpunt<br \/>\u2192 <a href=\"https:\/\/tero.be\/nl\/eindejaarsevenementen\/bedrijfsfeest\/\" target=\"_blank\" rel=\"noopener\">Vraag een voorstel aan<\/a><\/p>\n\t\t\t\t\t\t\t\t<\/div>\n\t\t\t\t<\/div>\n\t\t\t\t<div class=\"elementor-element elementor-element-7baaf00 elementor-widget elementor-widget-text-editor\" data-id=\"7baaf00\" data-element_type=\"widget\" data-e-type=\"widget\" data-widget_type=\"text-editor.default\">\n\t\t\t\t<div class=\"elementor-widget-container\">\n\t\t\t\t\t\t\t\t\t<p>Laat het hoofdstuk dit jaar dus niet vanzelf eindigen.<br \/>\u2192 <a href=\"https:\/\/tero.be\/nl\/eindejaarsevenementen\/bedrijfsfeest\/\" target=\"_blank\" rel=\"noopener\">Ontdek onze eindejaarsformules<\/a> \u2014 bedrijfsfeest, seminarie, teamdiner of activiteit: vertel ons wat je voor ogen hebt, wij regelen de rest.<\/p>\n\t\t\t\t\t\t\t\t<\/div>\n\t\t\t\t<\/div>\n\t\t\t\t<div class=\"elementor-element elementor-element-84036c3 elementor-widget-divider--view-line elementor-widget elementor-widget-divider\" data-id=\"84036c3\" data-element_type=\"widget\" data-e-type=\"widget\" data-widget_type=\"divider.default\">\n\t\t\t\t<div class=\"elementor-widget-container\">\n\t\t\t\t\t\t\t<div class=\"elementor-divider\">\n\t\t\t<span class=\"elementor-divider-separator\">\n\t\t\t\t\t\t<\/span>\n\t\t<\/div>\n\t\t\t\t\t\t<\/div>\n\t\t\t\t<\/div>\n\t\t\t\t<div class=\"elementor-element elementor-element-63043e4 elementor-widget elementor-widget-heading\" data-id=\"63043e4\" data-element_type=\"widget\" data-e-type=\"widget\" data-widget_type=\"heading.default\">\n\t\t\t\t<div class=\"elementor-widget-container\">\n\t\t\t\t\t<h2 class=\"elementor-heading-title elementor-size-default\">Veelgestelde vragen<\/h2>\t\t\t\t<\/div>\n\t\t\t\t<\/div>\n\t\t\t\t<div class=\"elementor-element elementor-element-c70adb4 elementor-widget elementor-widget-text-editor\" data-id=\"c70adb4\" data-element_type=\"widget\" data-e-type=\"widget\" data-widget_type=\"text-editor.default\">\n\t\t\t\t<div class=\"elementor-widget-container\">\n\t\t\t\t\t\t\t\t\t<p><strong>Wanneer boek je best je eindejaarsfeest voor het bedrijf?<\/strong><br \/>Zo vroeg mogelijk: de populairste data in november en december \u2014 vooral donderdagen en vrijdagen \u2014 beginnen vaak al vanaf september vol te lopen. Wie vroeg boekt, kiest zelf de gewenste datum en locatie; wie te lang wacht, moet het doen met wat nog beschikbaar is. In de meeste gevallen kan een datum vrijblijvend in optie worden genomen.<\/p>\n<p><strong>Wat is inbegrepen in een eindejaarsfeest van A tot Z bij Tero?<\/strong><br \/>Alles, met \u00e9\u00e9n aanspreekpunt: een bijzondere locatie in Belgi\u00eb (Waterloo, Knokke) of Luxemburg (Riverhouse), catering van Teroir, activiteiten, sfeer en co\u00f6rdinatie op de dag zelf. Jullie bepalen de bedoeling \u2014 vieren, bedanken, opnieuw verbinden of 2027 lanceren \u2014 en Tero regelt de rest.<\/p>\n<p><strong>Voor welke teamgrootte kan je een eindejaarsfeest organiseren?<\/strong><br \/>Er zijn formules voor elk formaat, van een klein team rond \u00e9\u00e9n tafel tot een groots evenement met enkele honderden medewerkers. De locatie en formule worden afgestemd op de grootte van de groep. [Exacte capaciteiten te bevestigen per locatie.]<\/p>\n<p><strong>Kan je een eindejaarsevenement in januari organiseren?<\/strong><br \/>Ja \u2014 en dat kan soms zelfs een uitstekend idee zijn. Een kick-off in januari combineert de terugblik op het afgelopen jaar met de start van het nieuwe, en er zijn vaak meer data beschikbaar dan in december.<\/p>\n\t\t\t\t\t\t\t\t<\/div>\n\t\t\t\t<\/div>\n\t\t\t\t\t<\/div>\n\t\t\t\t<\/div>\n\t\t<div class=\"elementor-element elementor-element-f283182 e-flex e-con-boxed e-con e-parent\" data-id=\"f283182\" data-element_type=\"container\" data-e-type=\"container\" data-settings=\"{&quot;jet_parallax_layout_list&quot;:[]}\">\n\t\t\t\t\t<div class=\"e-con-inner\">\n\t\t\t\t<div class=\"elementor-element elementor-element-42f7857 elementor-widget-divider--view-line elementor-widget elementor-widget-divider\" data-id=\"42f7857\" data-element_type=\"widget\" data-e-type=\"widget\" data-widget_type=\"divider.default\">\n\t\t\t\t<div class=\"elementor-widget-container\">\n\t\t\t\t\t\t\t<div class=\"elementor-divider\">\n\t\t\t<span class=\"elementor-divider-separator\">\n\t\t\t\t\t\t<\/span>\n\t\t<\/div>\n\t\t\t\t\t\t<\/div>\n\t\t\t\t<\/div>\n\t\t\t\t<div class=\"elementor-element elementor-element-c0ac886 elementor-widget elementor-widget-text-editor\" data-id=\"c0ac886\" data-element_type=\"widget\" data-e-type=\"widget\" data-widget_type=\"text-editor.default\">\n\t\t\t\t<div class=\"elementor-widget-container\">\n\t\t\t\t\t\t\t\t\t<p><em><strong>Referenties<\/strong><\/em><\/p>\n<p><em>Arnold van Gennep, Les rites de passage, 1909.<\/em><\/p>\n<p><em>Byung-Chul Han, <a href=\"https:\/\/actes-sud.fr\/catalogue\/la-disparition-des-rituels-018212\" target=\"_blank\" rel=\"noopener\">La disparition des rituels \u2014 Pour une topologie du temps pr\u00e9sent<\/a>, Actes Sud, 2020.<\/em><\/p>\n<p><em>David Le Breton, <a href=\"https:\/\/www.erudit.org\/en\/journals\/as\/2003-v27-n1-as553\/007022ar\/\" target=\"_blank\" rel=\"noopener\">Conduites \u00e0 risque<\/a>, PUF, 2002; zie ook D. Jeffrey, D. Le Breton, J. J. L\u00e9vy, <a href=\"https:\/\/www.erudit.org\/fr\/revues\/ethno\/2010-v31-n2-ethno3691\/039377ar\/\" target=\"_blank\" rel=\"noopener\">Jeunesse \u00e0 risque. Rite et passage<\/a>, PUL, 2005.<\/em><\/p>\n<p><em>Tami Kim, Ovul Sezer, Juliana Schroeder, Jane Risen, Francesca Gino, Michael I. Norton, \u201c<a href=\"https:\/\/www.sciencedirect.com\/science\/article\/abs\/pii\/S0749597821000637\" target=\"_blank\" rel=\"noopener\">Work group rituals enhance the meaning of work<\/a>,\u201d Organizational Behavior and Human Decision Processes, 2021.<\/em><\/p>\n<p><em>Harvard Business School Working Knowledge, \u201c<a href=\"https:\/\/www.library.hbs.edu\/working-knowledge\/rituals-at-work-teams-that-play-together-stay-together\" target=\"_blank\" rel=\"noopener\">Rituals at work: Teams that play together stay together<\/a>.\u201d<\/em><\/p>\n\t\t\t\t\t\t\t\t<\/div>\n\t\t\t\t<\/div>\n\t\t\t\t\t<\/div>\n\t\t\t\t<\/div>\n\t\t\t\t<\/div>\n\t\t","protected":false},"template":"","tero-tags":[178,186],"class_list":["post-53280","blog","type-blog","status-publish","hentry","tero-tags-employee-engagement-nl","tero-tags-woaw-exclusive-nl"],"_links":{"self":[{"href":"https:\/\/tero.be\/nl\/wp-json\/wp\/v2\/blog\/53280","targetHints":{"allow":["GET"]}}],"collection":[{"href":"https:\/\/tero.be\/nl\/wp-json\/wp\/v2\/blog"}],"about":[{"href":"https:\/\/tero.be\/nl\/wp-json\/wp\/v2\/types\/blog"}],"version-history":[{"count":1,"href":"https:\/\/tero.be\/nl\/wp-json\/wp\/v2\/blog\/53280\/revisions"}],"predecessor-version":[{"id":53281,"href":"https:\/\/tero.be\/nl\/wp-json\/wp\/v2\/blog\/53280\/revisions\/53281"}],"wp:attachment":[{"href":"https:\/\/tero.be\/nl\/wp-json\/wp\/v2\/media?parent=53280"}],"wp:term":[{"taxonomy":"tero-tags","embeddable":true,"href":"https:\/\/tero.be\/nl\/wp-json\/wp\/v2\/tero-tags?post=53280"}],"curies":[{"name":"wp","href":"https:\/\/api.w.org\/{rel}","templated":true}]}}